{"id":120,"date":"2019-07-01T16:53:05","date_gmt":"2019-07-01T16:53:05","guid":{"rendered":"https:\/\/www.jf-alfragide.pt\/?post_type=lsvr_notice&#038;p=120"},"modified":"2019-07-02T14:21:54","modified_gmt":"2019-07-02T14:21:54","slug":"musica-pela-rua","status":"publish","type":"lsvr_notice","link":"https:\/\/www.jf-alfragide.pt\/?lsvr_notice=musica-pela-rua","title":{"rendered":"M\u00fasica pela Rua"},"content":{"rendered":"<p><img loading=\"lazy\" decoding=\"async\" class=\"wp-image-142 size-full\" src=\"https:\/\/www.jf-alfragide.pt\/wp-content\/uploads\/2019\/07\/MusicaPelaRua.jpg\" alt=\"\" width=\"900\" height=\"327\" srcset=\"https:\/\/www.jf-alfragide.pt\/wp-content\/uploads\/2019\/07\/MusicaPelaRua.jpg 900w, https:\/\/www.jf-alfragide.pt\/wp-content\/uploads\/2019\/07\/MusicaPelaRua-300x109.jpg 300w, https:\/\/www.jf-alfragide.pt\/wp-content\/uploads\/2019\/07\/MusicaPelaRua-768x279.jpg 768w\" sizes=\"auto, (max-width: 900px) 100vw, 900px\" \/><br \/>\nNo passado s\u00e1bado dia 29 de junho, realizou-se mais um &#8216;M\u00fasica pela Rua&#8217; com as atua\u00e7\u00f5es do grupo AFID Ritmo e da Banda da Carris.<br \/>\nUm fim de tarde com muita m\u00fasica e anima\u00e7\u00e3o, num dos parques mais bonito da nossa Freguesia de Alfragide.<\/p>\n","protected":false},"author":1,"template":"","meta":{"_uag_custom_page_level_css":""},"lsvr_notice_cat":[7],"lsvr_notice_tag":[11,10,8,9],"class_list":["post-120","lsvr_notice","type-lsvr_notice","status-publish","hentry","lsvr_notice_cat-cultura","lsvr_notice_tag-afid-ritmo","lsvr_notice_tag-banda-da-carris","lsvr_notice_tag-musica","lsvr_notice_tag-parque-da-ribeira"],"uagb_featured_image_src":[],"uagb_author_info":{"display_name":"admin","author_link":"https:\/\/www.jf-alfragide.pt\/?author=1"},"uagb_comment_info":0,"uagb_excerpt":"No passado s\u00e1bado dia 29 de junho, realizou-se mais um &#8216;M\u00fasica pela Rua&#8217; com as atua\u00e7\u00f5es do grupo AFID Ritmo e da Banda da Carris. Um fim de tarde com muita m\u00fasica e anima\u00e7\u00e3o, num dos parques mais bonito da nossa Freguesia de Alfragide.","_links":{"self":[{"href":"https:\/\/www.jf-alfragide.pt\/index.php?rest_route=\/wp\/v2\/lsvr_notice\/120","targetHints":{"allow":["GET"]}}],"collection":[{"href":"https:\/\/www.jf-alfragide.pt\/index.php?rest_route=\/wp\/v2\/lsvr_notice"}],"about":[{"href":"https:\/\/www.jf-alfragide.pt\/index.php?rest_route=\/wp\/v2\/types\/lsvr_notice"}],"author":[{"embeddable":true,"href":"https:\/\/www.jf-alfragide.pt\/index.php?rest_route=\/wp\/v2\/users\/1"}],"wp:attachment":[{"href":"https:\/\/www.jf-alfragide.pt\/index.php?rest_route=%2Fwp%2Fv2%2Fmedia&parent=120"}],"wp:term":[{"taxonomy":"lsvr_notice_cat","embeddable":true,"href":"https:\/\/www.jf-alfragide.pt\/index.php?rest_route=%2Fwp%2Fv2%2Flsvr_notice_cat&post=120"},{"taxonomy":"lsvr_notice_tag","embeddable":true,"href":"https:\/\/www.jf-alfragide.pt\/index.php?rest_route=%2Fwp%2Fv2%2Flsvr_notice_tag&post=120"}],"curies":[{"name":"wp","href":"https:\/\/api.w.org\/{rel}","templated":true}]}}