{"id":140,"date":"2019-05-19T10:55:19","date_gmt":"2019-05-19T10:55:19","guid":{"rendered":"https:\/\/www.jf-alfragide.pt\/?post_type=lsvr_notice&#038;p=140"},"modified":"2019-07-02T14:33:53","modified_gmt":"2019-07-02T14:33:53","slug":"as-arvores-no-contexto-urbano","status":"publish","type":"lsvr_notice","link":"https:\/\/www.jf-alfragide.pt\/?lsvr_notice=as-arvores-no-contexto-urbano","title":{"rendered":"As \u00c1rvores no contexto urbano"},"content":{"rendered":"<p><img loading=\"lazy\" decoding=\"async\" class=\"alignnone wp-image-141 size-full\" src=\"https:\/\/www.jf-alfragide.pt\/wp-content\/uploads\/2019\/07\/polenes_web.jpg\" alt=\"\" width=\"900\" height=\"368\" srcset=\"https:\/\/www.jf-alfragide.pt\/wp-content\/uploads\/2019\/07\/polenes_web.jpg 900w, https:\/\/www.jf-alfragide.pt\/wp-content\/uploads\/2019\/07\/polenes_web-300x123.jpg 300w, https:\/\/www.jf-alfragide.pt\/wp-content\/uploads\/2019\/07\/polenes_web-768x314.jpg 768w\" sizes=\"auto, (max-width: 900px) 100vw, 900px\" \/><br \/>\nA coloca\u00e7\u00e3o de \u00c1rvores no espa\u00e7o urbano \u00e9 uma pr\u00e1tica natural e cada vez mais premente no intuito de dar qualidade de vida aos cidad\u00e3os e pelas fun\u00e7\u00f5es de natureza ambiental, ecol\u00f3gica, est\u00e9tica, patrimonial, social que estes seres vivos exercem.<\/p>\n<p>A escolha da esp\u00e9cie de \u00e1rvore e a sua inser\u00e7\u00e3o no meio urbano n\u00e3o \u00e9 efetuada de \u00e2nimo leve e rege-se por algum rigor no sentido de estas constitu\u00edrem a estrutura verde urbana que funciona como primeira linha de combate \u00e0 polui\u00e7\u00e3o, no fornecimento de oxig\u00e9nio e no sequestro de elementos nocivos para a sa\u00fade presentes na atmosfera.<\/p>\n<p>No \u00e2mbito de esclarecimento de alguma discuss\u00e3o\/contesta\u00e7\u00e3o acerca dos p\u00f3lenes libertados pelos Choupos\/Pl\u00e1tanos que possu\u00edmos na nossa Freguesia, decidimos partilhar com os vizinhos de Alfragide, aquilo que \u00e9 a opini\u00e3o dos especialistas em alergias, a Sociedade Portuguesa de Alergologia e Imunologia Cl\u00ednica (SPAIC).<br \/>\n<a href=\"https:\/\/www.cascais.pt\/sites\/default\/files\/anexos\/gerais\/new\/parecer_da_sociedade_portuguesa_de_alergologia_e_imunologia_clinica_spa_.pdf\" target=\"_blank\" rel=\"noopener noreferrer\">https:\/\/www.cascais.pt\/sites\/default\/files\/anexos\/gerais\/new\/parecer_da_sociedade_portuguesa_de_alergologia_e_imunologia_clinica_spa_.pdf<\/a><\/p>\n<p>Tamb\u00e9m a DECO partilha no seu website informa\u00e7\u00e3o a este respeito:<br \/>\n<a href=\"https:\/\/www.deco.proteste.pt\/saude\/doencas\/noticias\/sintomas-de-alergia-nao-culpe-o-algodao-das-arvores\" target=\"_blank\" rel=\"noopener noreferrer\">https:\/\/www.deco.proteste.pt\/saude\/doencas\/noticias\/sintomas-de-alergia-nao-culpe-o-algodao-das-arvores<\/a><\/p>\n<p>A JFA encontra-se a trabalhar com a CMA na resolu\u00e7\u00e3o desta situa\u00e7\u00e3o, no entanto desde a semana passada foi refor\u00e7ada a limpeza p\u00fablica na Av. das Laranjeiras, Av. Da Qta. Grande, nomeadamente junto \u00e0s escolas e parque infantil de forma a minorar o inc\u00f3modo provocado pelo &#8220;algod\u00e3o&#8221; dos choupos.<\/p>\n","protected":false},"author":1,"template":"","meta":{"_uag_custom_page_level_css":""},"lsvr_notice_cat":[17],"lsvr_notice_tag":[22,18,20,21,19],"class_list":["post-140","lsvr_notice","type-lsvr_notice","status-publish","hentry","lsvr_notice_cat-ambiente","lsvr_notice_tag-alergias","lsvr_notice_tag-arvores","lsvr_notice_tag-choupo","lsvr_notice_tag-platanos","lsvr_notice_tag-polenes"],"uagb_featured_image_src":[],"uagb_author_info":{"display_name":"admin","author_link":"https:\/\/www.jf-alfragide.pt\/?author=1"},"uagb_comment_info":0,"uagb_excerpt":"A coloca\u00e7\u00e3o de \u00c1rvores no espa\u00e7o urbano \u00e9 uma pr\u00e1tica natural e cada vez mais premente no intuito de dar qualidade de vida aos cidad\u00e3os e pelas fun\u00e7\u00f5es de natureza ambiental, ecol\u00f3gica, est\u00e9tica, patrimonial, social que estes seres vivos exercem. A escolha da esp\u00e9cie de \u00e1rvore e a sua inser\u00e7\u00e3o no meio urbano n\u00e3o \u00e9&hellip;","_links":{"self":[{"href":"https:\/\/www.jf-alfragide.pt\/index.php?rest_route=\/wp\/v2\/lsvr_notice\/140","targetHints":{"allow":["GET"]}}],"collection":[{"href":"https:\/\/www.jf-alfragide.pt\/index.php?rest_route=\/wp\/v2\/lsvr_notice"}],"about":[{"href":"https:\/\/www.jf-alfragide.pt\/index.php?rest_route=\/wp\/v2\/types\/lsvr_notice"}],"author":[{"embeddable":true,"href":"https:\/\/www.jf-alfragide.pt\/index.php?rest_route=\/wp\/v2\/users\/1"}],"wp:attachment":[{"href":"https:\/\/www.jf-alfragide.pt\/index.php?rest_route=%2Fwp%2Fv2%2Fmedia&parent=140"}],"wp:term":[{"taxonomy":"lsvr_notice_cat","embeddable":true,"href":"https:\/\/www.jf-alfragide.pt\/index.php?rest_route=%2Fwp%2Fv2%2Flsvr_notice_cat&post=140"},{"taxonomy":"lsvr_notice_tag","embeddable":true,"href":"https:\/\/www.jf-alfragide.pt\/index.php?rest_route=%2Fwp%2Fv2%2Flsvr_notice_tag&post=140"}],"curies":[{"name":"wp","href":"https:\/\/api.w.org\/{rel}","templated":true}]}}