{"id":547,"date":"2019-08-20T11:38:24","date_gmt":"2019-08-20T10:38:24","guid":{"rendered":"https:\/\/www.jf-alfragide.pt\/?post_type=lsvr_notice&#038;p=547"},"modified":"2019-08-20T11:42:41","modified_gmt":"2019-08-20T10:42:41","slug":"dancalfragide-distinguido-no-festival-de-danca-de-sao-domingos-de-rana","status":"publish","type":"lsvr_notice","link":"https:\/\/www.jf-alfragide.pt\/?lsvr_notice=dancalfragide-distinguido-no-festival-de-danca-de-sao-domingos-de-rana","title":{"rendered":"Dan\u00e7Alfragide distinguido no Festival de Dan\u00e7a de S\u00e3o Domingos de Rana"},"content":{"rendered":"\n<figure class=\"wp-block-image\"><img loading=\"lazy\" decoding=\"async\" width=\"924\" height=\"529\" src=\"https:\/\/www.jf-alfragide.pt\/wp-content\/uploads\/2019\/08\/Dan\u00e7Alfragide.jpg\" alt=\"\" class=\"wp-image-548\" srcset=\"https:\/\/www.jf-alfragide.pt\/wp-content\/uploads\/2019\/08\/Dan\u00e7Alfragide.jpg 924w, https:\/\/www.jf-alfragide.pt\/wp-content\/uploads\/2019\/08\/Dan\u00e7Alfragide-300x172.jpg 300w, https:\/\/www.jf-alfragide.pt\/wp-content\/uploads\/2019\/08\/Dan\u00e7Alfragide-768x440.jpg 768w\" sizes=\"auto, (max-width: 924px) 100vw, 924px\" \/><\/figure>\n\n\n\n<p>O festival de S\u00e3o Domingos de Rana \u00e9 um espa\u00e7o democr\u00e1tico e motivador, de cultura e cidadania, em que as empresas, associa\u00e7\u00f5es, institui\u00e7\u00f5es p\u00fablicas e grupos independentes da regi\u00e3o de Lisboa e restante pa\u00eds podem demonstrar as suas artes.&nbsp;<br> O ano de 2019 contou com a participa\u00e7\u00e3o de mais de 30 escolas e mais de 400 bailarinos.<br> A Dancalfragide participou este ano pela primeira vez, com alunas com 1 e 2 anos de dan\u00e7a contempor\u00e2nea obtenho:<br> -1 pr\u00e9mio em duetos juvenil para a&nbsp;Coreografia My secret<br> -3 pr\u00e9mio para o o Grupo de Adultos com a Coreografia 20 anos sem Am\u00e1lia<br> -3 pr\u00e9mio para o grupo infantil com a Coreografia Suspicion<br> -3 pr\u00e9mio para solo infantil com a Coreografia Willpower <\/p>\n\n\n\n<p>Informa\u00e7\u00f5es e Hor\u00e1rio das Aulas para o ano de 2019-2020 > <a href=\"https:\/\/www.jf-alfragide.pt\/wp-content\/uploads\/2019\/08\/Dan\u00e7Alfragide_Hor\u00e1rio-2019-2020.pdf\" target=\"_blank\" rel=\"noreferrer noopener\" aria-label=\"DAN\u00c7ALFRAGIDE (opens in a new tab)\">DAN\u00c7ALFRAGIDE<\/a> <\/p>\n","protected":false},"author":1,"template":"","meta":{"_uag_custom_page_level_css":""},"lsvr_notice_cat":[7],"lsvr_notice_tag":[145,146],"class_list":["post-547","lsvr_notice","type-lsvr_notice","status-publish","hentry","lsvr_notice_cat-cultura","lsvr_notice_tag-dancalfragide","lsvr_notice_tag-festival-de-danca-de-sao-domingos-de-rana"],"uagb_featured_image_src":[],"uagb_author_info":{"display_name":"admin","author_link":"https:\/\/www.jf-alfragide.pt\/?author=1"},"uagb_comment_info":0,"uagb_excerpt":"O festival de S\u00e3o Domingos de Rana \u00e9 um espa\u00e7o democr\u00e1tico e motivador, de cultura e cidadania, em que as empresas, associa\u00e7\u00f5es, institui\u00e7\u00f5es p\u00fablicas e grupos independentes da regi\u00e3o de Lisboa e restante pa\u00eds podem demonstrar as suas artes.&nbsp; O ano de 2019 contou com a participa\u00e7\u00e3o de mais de 30 escolas e mais de&hellip;","_links":{"self":[{"href":"https:\/\/www.jf-alfragide.pt\/index.php?rest_route=\/wp\/v2\/lsvr_notice\/547","targetHints":{"allow":["GET"]}}],"collection":[{"href":"https:\/\/www.jf-alfragide.pt\/index.php?rest_route=\/wp\/v2\/lsvr_notice"}],"about":[{"href":"https:\/\/www.jf-alfragide.pt\/index.php?rest_route=\/wp\/v2\/types\/lsvr_notice"}],"author":[{"embeddable":true,"href":"https:\/\/www.jf-alfragide.pt\/index.php?rest_route=\/wp\/v2\/users\/1"}],"wp:attachment":[{"href":"https:\/\/www.jf-alfragide.pt\/index.php?rest_route=%2Fwp%2Fv2%2Fmedia&parent=547"}],"wp:term":[{"taxonomy":"lsvr_notice_cat","embeddable":true,"href":"https:\/\/www.jf-alfragide.pt\/index.php?rest_route=%2Fwp%2Fv2%2Flsvr_notice_cat&post=547"},{"taxonomy":"lsvr_notice_tag","embeddable":true,"href":"https:\/\/www.jf-alfragide.pt\/index.php?rest_route=%2Fwp%2Fv2%2Flsvr_notice_tag&post=547"}],"curies":[{"name":"wp","href":"https:\/\/api.w.org\/{rel}","templated":true}]}}