{"id":5941,"date":"2025-02-10T11:04:30","date_gmt":"2025-02-10T10:04:30","guid":{"rendered":"https:\/\/www.jf-alfragide.pt\/?post_type=lsvr_notice&#038;p=5941"},"modified":"2025-02-10T11:07:59","modified_gmt":"2025-02-10T10:07:59","slug":"espectaculo-figuras-em-acao-da-dancalfragide","status":"publish","type":"lsvr_notice","link":"https:\/\/www.jf-alfragide.pt\/?lsvr_notice=espectaculo-figuras-em-acao-da-dancalfragide","title":{"rendered":"Espect\u00e1culo &#8216;Figuras em A\u00e7\u00e3o&#8217; do Dan\u00e7Alfragide"},"content":{"rendered":"\n<p>O espect\u00e1culo &#8216;Figuras em A\u00e7\u00e3o&#8217; transforma a banda desenhada em movimento, onde a dan\u00e7a d\u00e1 vida \u00e0s vinhetas e narra hist\u00f3rias atrav\u00e9s do corpo e da arte.<\/p>\n\n\n\n<p>De acordo com o diretor criativo do espect\u00e1culo e respons\u00e1vel pelo <strong>Dan\u00e7Alfragide<\/strong>, Bruno Paredes: &#8220;A banda desenhada ganha vida no palco, transformando cada vinheta numa cena cheia de vida, cor e movimento. Her\u00f3is e vil\u00f5es, tra\u00e7os e bal\u00f5es de di\u00e1logo unem-se para contar uma hist\u00f3ria que celebra o poder da imagina\u00e7\u00e3o e da narrativa visual. Com humor, emo\u00e7\u00e3o e um toque de magia, \u201cFiguras em A\u00e7\u00e3o\u201d convida o p\u00fablico a embarcar numa viagem \u00fanica pelo universo da banda desenhada, onde cada momento revela novos mundos e aventuras inesquec\u00edveis. Uma homenagem \u00e0 criatividade e \u00e0 arte de contar hist\u00f3rias desenhadas.\u201c<\/p>\n\n\n\n<p>Os Core\u00f3grafos do evento foram: <strong>Bruno Paredes, Carolina Oliveira, Daniela Santos, Louis Santos, M\u00e1rcia Cerqueira, Margarida Sousa, Patr\u00edcia Sequeira, Sofia Abra\u00e7os<\/strong>&#8230; tendo este decorrido no passado dia 25 de janeiro no Col\u00e9gio S\u00e3o Jo\u00e3o de Brito, em Lisboa.<\/p>\n\n\n\n<p>O vogal Fernando Augusto da JFA, respons\u00e1vel pela Cultura\/Desporto, esteve presente no espect\u00e1culo e endere\u00e7a as maiores felicita\u00e7\u00f5es ao Grupo <strong>Dan\u00e7Alfragide<\/strong>. <\/p>\n\n\n\n<p><\/p>\n\n\n\n<figure class=\"wp-block-gallery has-nested-images columns-default is-cropped wp-block-gallery-2 is-layout-flex wp-block-gallery-is-layout-flex\">\n<figure class=\"wp-block-image size-large\"><img loading=\"lazy\" decoding=\"async\" width=\"1024\" height=\"682\" data-id=\"5944\" src=\"https:\/\/www.jf-alfragide.pt\/wp-content\/uploads\/2025\/02\/DSC_0623-1024x682.jpg\" alt=\"\" class=\"wp-image-5944\" srcset=\"https:\/\/www.jf-alfragide.pt\/wp-content\/uploads\/2025\/02\/DSC_0623-1024x682.jpg 1024w, https:\/\/www.jf-alfragide.pt\/wp-content\/uploads\/2025\/02\/DSC_0623-300x200.jpg 300w, https:\/\/www.jf-alfragide.pt\/wp-content\/uploads\/2025\/02\/DSC_0623-768x511.jpg 768w, https:\/\/www.jf-alfragide.pt\/wp-content\/uploads\/2025\/02\/DSC_0623.jpg 1200w\" sizes=\"auto, (max-width: 1024px) 100vw, 1024px\" \/><figcaption class=\"wp-element-caption\">Dan\u00e7Alfragide<\/figcaption><\/figure>\n\n\n\n<figure class=\"wp-block-image size-large\"><img loading=\"lazy\" decoding=\"async\" width=\"1024\" height=\"682\" data-id=\"5942\" src=\"https:\/\/www.jf-alfragide.pt\/wp-content\/uploads\/2025\/02\/DSC_0647-1024x682.jpg\" alt=\"\" class=\"wp-image-5942\" srcset=\"https:\/\/www.jf-alfragide.pt\/wp-content\/uploads\/2025\/02\/DSC_0647-1024x682.jpg 1024w, https:\/\/www.jf-alfragide.pt\/wp-content\/uploads\/2025\/02\/DSC_0647-300x200.jpg 300w, https:\/\/www.jf-alfragide.pt\/wp-content\/uploads\/2025\/02\/DSC_0647-768x511.jpg 768w, https:\/\/www.jf-alfragide.pt\/wp-content\/uploads\/2025\/02\/DSC_0647.jpg 1200w\" sizes=\"auto, (max-width: 1024px) 100vw, 1024px\" \/><figcaption class=\"wp-element-caption\">Dan\u00e7Alfragide<\/figcaption><\/figure>\n\n\n\n<figure class=\"wp-block-image size-large\"><img loading=\"lazy\" decoding=\"async\" width=\"1024\" height=\"682\" data-id=\"5943\" src=\"https:\/\/www.jf-alfragide.pt\/wp-content\/uploads\/2025\/02\/DSC_1876-1024x682.jpg\" alt=\"\" class=\"wp-image-5943\" srcset=\"https:\/\/www.jf-alfragide.pt\/wp-content\/uploads\/2025\/02\/DSC_1876-1024x682.jpg 1024w, https:\/\/www.jf-alfragide.pt\/wp-content\/uploads\/2025\/02\/DSC_1876-300x200.jpg 300w, https:\/\/www.jf-alfragide.pt\/wp-content\/uploads\/2025\/02\/DSC_1876-768x511.jpg 768w, https:\/\/www.jf-alfragide.pt\/wp-content\/uploads\/2025\/02\/DSC_1876.jpg 1200w\" sizes=\"auto, (max-width: 1024px) 100vw, 1024px\" \/><figcaption class=\"wp-element-caption\">Dan\u00e7Alfragide<\/figcaption><\/figure>\n<\/figure>\n","protected":false},"author":1,"template":"","meta":{"_uag_custom_page_level_css":""},"lsvr_notice_cat":[7,14],"lsvr_notice_tag":[145,589],"class_list":["post-5941","lsvr_notice","type-lsvr_notice","status-publish","hentry","lsvr_notice_cat-cultura","lsvr_notice_cat-institucional","lsvr_notice_tag-dancalfragide","lsvr_notice_tag-espectaculo-figuras-em-acao"],"uagb_featured_image_src":[],"uagb_author_info":{"display_name":"admin","author_link":"https:\/\/www.jf-alfragide.pt\/?author=1"},"uagb_comment_info":0,"uagb_excerpt":"O espect\u00e1culo &#8216;Figuras em A\u00e7\u00e3o&#8217; transforma a banda desenhada em movimento, onde a dan\u00e7a d\u00e1 vida \u00e0s vinhetas e narra hist\u00f3rias atrav\u00e9s do corpo e da arte. De acordo com o diretor criativo do espect\u00e1culo e respons\u00e1vel pelo Dan\u00e7Alfragide, Bruno Paredes: &#8220;A banda desenhada ganha vida no palco, transformando cada vinheta numa cena cheia de&hellip;","_links":{"self":[{"href":"https:\/\/www.jf-alfragide.pt\/index.php?rest_route=\/wp\/v2\/lsvr_notice\/5941","targetHints":{"allow":["GET"]}}],"collection":[{"href":"https:\/\/www.jf-alfragide.pt\/index.php?rest_route=\/wp\/v2\/lsvr_notice"}],"about":[{"href":"https:\/\/www.jf-alfragide.pt\/index.php?rest_route=\/wp\/v2\/types\/lsvr_notice"}],"author":[{"embeddable":true,"href":"https:\/\/www.jf-alfragide.pt\/index.php?rest_route=\/wp\/v2\/users\/1"}],"wp:attachment":[{"href":"https:\/\/www.jf-alfragide.pt\/index.php?rest_route=%2Fwp%2Fv2%2Fmedia&parent=5941"}],"wp:term":[{"taxonomy":"lsvr_notice_cat","embeddable":true,"href":"https:\/\/www.jf-alfragide.pt\/index.php?rest_route=%2Fwp%2Fv2%2Flsvr_notice_cat&post=5941"},{"taxonomy":"lsvr_notice_tag","embeddable":true,"href":"https:\/\/www.jf-alfragide.pt\/index.php?rest_route=%2Fwp%2Fv2%2Flsvr_notice_tag&post=5941"}],"curies":[{"name":"wp","href":"https:\/\/api.w.org\/{rel}","templated":true}]}}