{"id":7205,"date":"2026-04-24T12:10:06","date_gmt":"2026-04-24T11:10:06","guid":{"rendered":"https:\/\/www.jf-alfragide.pt\/?post_type=lsvr_notice&#038;p=7205"},"modified":"2026-04-24T12:10:06","modified_gmt":"2026-04-24T11:10:06","slug":"destruicao-de-arvores-na-freguesia","status":"publish","type":"lsvr_notice","link":"https:\/\/www.jf-alfragide.pt\/?lsvr_notice=destruicao-de-arvores-na-freguesia","title":{"rendered":"Destrui\u00e7\u00e3o de \u00c1rvores na Freguesia"},"content":{"rendered":"\n<p>A Junta de Freguesia de Alfragide lamenta os recentes atos de tentativa de destrui\u00e7\u00e3o de algumas das centenas de \u00e1rvores que t\u00eam vindo a ser plantadas em v\u00e1rios pontos da nossa Freguesia, nos \u00faltimos seis meses (quer seja em caldeiras, quer seja em espa\u00e7os ajardinados), pela CMA em colabora\u00e7\u00e3o com a JFA.<\/p>\n\n\n\n<p>\u00c9 sabido que a planta\u00e7\u00e3o ou o abate de \u00e1rvores \u00e9 uma mat\u00e9ria que nem sempre re\u00fane consenso. No entanto, importa sublinhar que estas interven\u00e7\u00f5es resultam sempre de an\u00e1lises t\u00e9cnicas realizadas por profissionais qualificados. Nada justifica, por isso, situa\u00e7\u00f5es como as que t\u00eam sido registadas, como por exemplo \u00e1rvores plantadas h\u00e1 poucas semanas onde \u00e9 colocado sal na base ou que s\u00e3o alvo de cortes profundos no per\u00edmetro do tronco ainda jovem, comprometendo dessa forma a circula\u00e7\u00e3o da seiva e colocando em causa a sua sobreviv\u00eancia.<\/p>\n\n\n\n<p>Como sempre, contamos com a colabora\u00e7\u00e3o dos Alfragidenses na identifica\u00e7\u00e3o e den\u00fancia destes casos sempre que detectados.<\/p>\n\n\n\n<p>O esfor\u00e7o que tem vindo a ser desenvolvido na planta\u00e7\u00e3o de novas \u00e1rvores tem sido significativo, e assim continuar\u00e1 mal as temperaturas o permitam. Situa\u00e7\u00f5es como estas n\u00e3o ir\u00e3o comprometer o projeto de arboriza\u00e7\u00e3o de Alfragide que est\u00e1 a ser desenvolvido em estreita articula\u00e7\u00e3o entre a CMA e a JFA.<\/p>\n\n\n\n<figure class=\"wp-block-gallery has-nested-images columns-default is-cropped wp-block-gallery-2 is-layout-flex wp-block-gallery-is-layout-flex\">\n<figure class=\"wp-block-image size-large\"><img loading=\"lazy\" decoding=\"async\" width=\"1024\" height=\"768\" data-id=\"7215\" src=\"https:\/\/www.jf-alfragide.pt\/wp-content\/uploads\/2026\/04\/678293244_1355611086763212_9007971994729102096_n-1-1024x768.jpg\" alt=\"\" class=\"wp-image-7215\" srcset=\"https:\/\/www.jf-alfragide.pt\/wp-content\/uploads\/2026\/04\/678293244_1355611086763212_9007971994729102096_n-1-1024x768.jpg 1024w, https:\/\/www.jf-alfragide.pt\/wp-content\/uploads\/2026\/04\/678293244_1355611086763212_9007971994729102096_n-1-300x225.jpg 300w, https:\/\/www.jf-alfragide.pt\/wp-content\/uploads\/2026\/04\/678293244_1355611086763212_9007971994729102096_n-1-768x576.jpg 768w, https:\/\/www.jf-alfragide.pt\/wp-content\/uploads\/2026\/04\/678293244_1355611086763212_9007971994729102096_n-1-1536x1152.jpg 1536w, https:\/\/www.jf-alfragide.pt\/wp-content\/uploads\/2026\/04\/678293244_1355611086763212_9007971994729102096_n-1.jpg 2048w\" sizes=\"auto, (max-width: 1024px) 100vw, 1024px\" \/><\/figure>\n\n\n\n<figure class=\"wp-block-image size-large\"><img loading=\"lazy\" decoding=\"async\" width=\"1024\" height=\"768\" data-id=\"7211\" src=\"https:\/\/www.jf-alfragide.pt\/wp-content\/uploads\/2026\/04\/675089812_1355611120096542_4046841515762332351_n-1-1024x768.jpg\" alt=\"\" class=\"wp-image-7211\" srcset=\"https:\/\/www.jf-alfragide.pt\/wp-content\/uploads\/2026\/04\/675089812_1355611120096542_4046841515762332351_n-1-1024x768.jpg 1024w, https:\/\/www.jf-alfragide.pt\/wp-content\/uploads\/2026\/04\/675089812_1355611120096542_4046841515762332351_n-1-300x225.jpg 300w, https:\/\/www.jf-alfragide.pt\/wp-content\/uploads\/2026\/04\/675089812_1355611120096542_4046841515762332351_n-1-768x576.jpg 768w, https:\/\/www.jf-alfragide.pt\/wp-content\/uploads\/2026\/04\/675089812_1355611120096542_4046841515762332351_n-1-1536x1152.jpg 1536w, https:\/\/www.jf-alfragide.pt\/wp-content\/uploads\/2026\/04\/675089812_1355611120096542_4046841515762332351_n-1.jpg 2048w\" sizes=\"auto, (max-width: 1024px) 100vw, 1024px\" \/><\/figure>\n\n\n\n<figure class=\"wp-block-image size-large\"><img loading=\"lazy\" decoding=\"async\" width=\"1024\" height=\"768\" data-id=\"7212\" src=\"https:\/\/www.jf-alfragide.pt\/wp-content\/uploads\/2026\/04\/675520435_1355611150096539_4738420271261685415_n-1-1024x768.jpg\" alt=\"\" class=\"wp-image-7212\" srcset=\"https:\/\/www.jf-alfragide.pt\/wp-content\/uploads\/2026\/04\/675520435_1355611150096539_4738420271261685415_n-1-1024x768.jpg 1024w, https:\/\/www.jf-alfragide.pt\/wp-content\/uploads\/2026\/04\/675520435_1355611150096539_4738420271261685415_n-1-300x225.jpg 300w, https:\/\/www.jf-alfragide.pt\/wp-content\/uploads\/2026\/04\/675520435_1355611150096539_4738420271261685415_n-1-768x576.jpg 768w, https:\/\/www.jf-alfragide.pt\/wp-content\/uploads\/2026\/04\/675520435_1355611150096539_4738420271261685415_n-1-1536x1152.jpg 1536w, https:\/\/www.jf-alfragide.pt\/wp-content\/uploads\/2026\/04\/675520435_1355611150096539_4738420271261685415_n-1.jpg 2048w\" sizes=\"auto, (max-width: 1024px) 100vw, 1024px\" \/><\/figure>\n\n\n\n<figure class=\"wp-block-image size-large\"><img loading=\"lazy\" decoding=\"async\" width=\"1024\" height=\"768\" data-id=\"7213\" src=\"https:\/\/www.jf-alfragide.pt\/wp-content\/uploads\/2026\/04\/675959926_1355611096763211_6050198079045663116_n-1-1024x768.jpg\" alt=\"\" class=\"wp-image-7213\" srcset=\"https:\/\/www.jf-alfragide.pt\/wp-content\/uploads\/2026\/04\/675959926_1355611096763211_6050198079045663116_n-1-1024x768.jpg 1024w, https:\/\/www.jf-alfragide.pt\/wp-content\/uploads\/2026\/04\/675959926_1355611096763211_6050198079045663116_n-1-300x225.jpg 300w, https:\/\/www.jf-alfragide.pt\/wp-content\/uploads\/2026\/04\/675959926_1355611096763211_6050198079045663116_n-1-768x576.jpg 768w, https:\/\/www.jf-alfragide.pt\/wp-content\/uploads\/2026\/04\/675959926_1355611096763211_6050198079045663116_n-1-1536x1152.jpg 1536w, https:\/\/www.jf-alfragide.pt\/wp-content\/uploads\/2026\/04\/675959926_1355611096763211_6050198079045663116_n-1.jpg 2048w\" sizes=\"auto, (max-width: 1024px) 100vw, 1024px\" \/><\/figure>\n\n\n\n<figure class=\"wp-block-image size-large\"><img loading=\"lazy\" decoding=\"async\" width=\"1024\" height=\"768\" data-id=\"7214\" src=\"https:\/\/www.jf-alfragide.pt\/wp-content\/uploads\/2026\/04\/676642916_1355611126763208_588706197588067069_n-1-1024x768.jpg\" alt=\"\" class=\"wp-image-7214\" srcset=\"https:\/\/www.jf-alfragide.pt\/wp-content\/uploads\/2026\/04\/676642916_1355611126763208_588706197588067069_n-1-1024x768.jpg 1024w, https:\/\/www.jf-alfragide.pt\/wp-content\/uploads\/2026\/04\/676642916_1355611126763208_588706197588067069_n-1-300x225.jpg 300w, https:\/\/www.jf-alfragide.pt\/wp-content\/uploads\/2026\/04\/676642916_1355611126763208_588706197588067069_n-1-768x576.jpg 768w, https:\/\/www.jf-alfragide.pt\/wp-content\/uploads\/2026\/04\/676642916_1355611126763208_588706197588067069_n-1-1536x1152.jpg 1536w, https:\/\/www.jf-alfragide.pt\/wp-content\/uploads\/2026\/04\/676642916_1355611126763208_588706197588067069_n-1.jpg 2048w\" sizes=\"auto, (max-width: 1024px) 100vw, 1024px\" \/><\/figure>\n<\/figure>\n","protected":false},"author":1,"template":"","meta":{"_uag_custom_page_level_css":""},"lsvr_notice_cat":[],"lsvr_notice_tag":[],"class_list":["post-7205","lsvr_notice","type-lsvr_notice","status-publish","hentry"],"uagb_featured_image_src":[],"uagb_author_info":{"display_name":"admin","author_link":"https:\/\/www.jf-alfragide.pt\/?author=1"},"uagb_comment_info":0,"uagb_excerpt":"A Junta de Freguesia de Alfragide lamenta os recentes atos de tentativa de destrui\u00e7\u00e3o de algumas das centenas de \u00e1rvores que t\u00eam vindo a ser plantadas em v\u00e1rios pontos da nossa Freguesia, nos \u00faltimos seis meses (quer seja em caldeiras, quer seja em espa\u00e7os ajardinados), pela CMA em colabora\u00e7\u00e3o com a JFA. \u00c9 sabido que&hellip;","_links":{"self":[{"href":"https:\/\/www.jf-alfragide.pt\/index.php?rest_route=\/wp\/v2\/lsvr_notice\/7205","targetHints":{"allow":["GET"]}}],"collection":[{"href":"https:\/\/www.jf-alfragide.pt\/index.php?rest_route=\/wp\/v2\/lsvr_notice"}],"about":[{"href":"https:\/\/www.jf-alfragide.pt\/index.php?rest_route=\/wp\/v2\/types\/lsvr_notice"}],"author":[{"embeddable":true,"href":"https:\/\/www.jf-alfragide.pt\/index.php?rest_route=\/wp\/v2\/users\/1"}],"wp:attachment":[{"href":"https:\/\/www.jf-alfragide.pt\/index.php?rest_route=%2Fwp%2Fv2%2Fmedia&parent=7205"}],"wp:term":[{"taxonomy":"lsvr_notice_cat","embeddable":true,"href":"https:\/\/www.jf-alfragide.pt\/index.php?rest_route=%2Fwp%2Fv2%2Flsvr_notice_cat&post=7205"},{"taxonomy":"lsvr_notice_tag","embeddable":true,"href":"https:\/\/www.jf-alfragide.pt\/index.php?rest_route=%2Fwp%2Fv2%2Flsvr_notice_tag&post=7205"}],"curies":[{"name":"wp","href":"https:\/\/api.w.org\/{rel}","templated":true}]}}