{"id":7302,"date":"2026-04-29T17:49:41","date_gmt":"2026-04-29T16:49:41","guid":{"rendered":"https:\/\/www.jf-alfragide.pt\/?post_type=lsvr_notice&#038;p=7302"},"modified":"2026-04-29T17:49:41","modified_gmt":"2026-04-29T16:49:41","slug":"diorama-de-mario-soares","status":"publish","type":"lsvr_notice","link":"https:\/\/www.jf-alfragide.pt\/?lsvr_notice=diorama-de-mario-soares","title":{"rendered":"Diorama de M\u00e1rio Soares"},"content":{"rendered":"\n<p>No \u00e2mbito das comemora\u00e7\u00f5es do 25 de Abril promovidas pelo Munic\u00edpio da Amadora, foi inaugurado, no Parque da Liberdade, um monumento de homenagem a M\u00e1rio Soares, figura incontorn\u00e1vel da democracia portuguesa e da defesa dos valores da liberdade.<\/p>\n\n\n\n<p>A cerim\u00f3nia contou com a presen\u00e7a de diversas entidades e representantes institucionais, incluindo a presen\u00e7a da JFA, num momento de evoca\u00e7\u00e3o do legado democr\u00e1tico e do contributo de M\u00e1rio Soares para a consolida\u00e7\u00e3o da liberdade e dos direitos fundamentais em Portugal.<\/p>\n\n\n\n<p>A obra, concebida pelo reconhecido artista Alexandre Farto (VHILS), apresenta-se sob a forma de um diorama em bet\u00e3o com cerca de cinco metros de comprimento, homenageando uma das personalidades mais marcantes da hist\u00f3ria contempor\u00e2nea portuguesa.<\/p>\n\n\n\n<figure class=\"wp-block-gallery has-nested-images columns-default is-cropped wp-block-gallery-2 is-layout-flex wp-block-gallery-is-layout-flex\">\n<figure class=\"wp-block-image size-large\"><img loading=\"lazy\" decoding=\"async\" width=\"819\" height=\"1024\" data-id=\"7303\" src=\"https:\/\/www.jf-alfragide.pt\/wp-content\/uploads\/2026\/04\/679998514_1359633199694334_330660705959092408_n-819x1024.jpg\" alt=\"\" class=\"wp-image-7303\" srcset=\"https:\/\/www.jf-alfragide.pt\/wp-content\/uploads\/2026\/04\/679998514_1359633199694334_330660705959092408_n-819x1024.jpg 819w, https:\/\/www.jf-alfragide.pt\/wp-content\/uploads\/2026\/04\/679998514_1359633199694334_330660705959092408_n-240x300.jpg 240w, https:\/\/www.jf-alfragide.pt\/wp-content\/uploads\/2026\/04\/679998514_1359633199694334_330660705959092408_n-768x960.jpg 768w, https:\/\/www.jf-alfragide.pt\/wp-content\/uploads\/2026\/04\/679998514_1359633199694334_330660705959092408_n.jpg 1080w\" sizes=\"auto, (max-width: 819px) 100vw, 819px\" \/><\/figure>\n\n\n\n<figure class=\"wp-block-image size-large\"><img loading=\"lazy\" decoding=\"async\" width=\"1024\" height=\"683\" data-id=\"7305\" src=\"https:\/\/www.jf-alfragide.pt\/wp-content\/uploads\/2026\/04\/682421417_1359633129694341_7802064227876311777_n-1024x683.jpg\" alt=\"\" class=\"wp-image-7305\" srcset=\"https:\/\/www.jf-alfragide.pt\/wp-content\/uploads\/2026\/04\/682421417_1359633129694341_7802064227876311777_n-1024x683.jpg 1024w, https:\/\/www.jf-alfragide.pt\/wp-content\/uploads\/2026\/04\/682421417_1359633129694341_7802064227876311777_n-300x200.jpg 300w, https:\/\/www.jf-alfragide.pt\/wp-content\/uploads\/2026\/04\/682421417_1359633129694341_7802064227876311777_n-768x512.jpg 768w, https:\/\/www.jf-alfragide.pt\/wp-content\/uploads\/2026\/04\/682421417_1359633129694341_7802064227876311777_n.jpg 1440w\" sizes=\"auto, (max-width: 1024px) 100vw, 1024px\" \/><\/figure>\n\n\n\n<figure class=\"wp-block-image size-large\"><img loading=\"lazy\" decoding=\"async\" width=\"1024\" height=\"768\" data-id=\"7304\" src=\"https:\/\/www.jf-alfragide.pt\/wp-content\/uploads\/2026\/04\/680989059_1359633153027672_2638920004160565402_n-1024x768.jpg\" alt=\"\" class=\"wp-image-7304\" srcset=\"https:\/\/www.jf-alfragide.pt\/wp-content\/uploads\/2026\/04\/680989059_1359633153027672_2638920004160565402_n-1024x768.jpg 1024w, https:\/\/www.jf-alfragide.pt\/wp-content\/uploads\/2026\/04\/680989059_1359633153027672_2638920004160565402_n-300x225.jpg 300w, https:\/\/www.jf-alfragide.pt\/wp-content\/uploads\/2026\/04\/680989059_1359633153027672_2638920004160565402_n-768x576.jpg 768w, https:\/\/www.jf-alfragide.pt\/wp-content\/uploads\/2026\/04\/680989059_1359633153027672_2638920004160565402_n-1536x1152.jpg 1536w, https:\/\/www.jf-alfragide.pt\/wp-content\/uploads\/2026\/04\/680989059_1359633153027672_2638920004160565402_n.jpg 1600w\" sizes=\"auto, (max-width: 1024px) 100vw, 1024px\" \/><\/figure>\n\n\n\n<figure class=\"wp-block-image size-large\"><img loading=\"lazy\" decoding=\"async\" width=\"1024\" height=\"683\" data-id=\"7306\" src=\"https:\/\/www.jf-alfragide.pt\/wp-content\/uploads\/2026\/04\/682498274_1359633133027674_6318754317635133304_n-1024x683.jpg\" alt=\"\" class=\"wp-image-7306\" srcset=\"https:\/\/www.jf-alfragide.pt\/wp-content\/uploads\/2026\/04\/682498274_1359633133027674_6318754317635133304_n-1024x683.jpg 1024w, https:\/\/www.jf-alfragide.pt\/wp-content\/uploads\/2026\/04\/682498274_1359633133027674_6318754317635133304_n-300x200.jpg 300w, https:\/\/www.jf-alfragide.pt\/wp-content\/uploads\/2026\/04\/682498274_1359633133027674_6318754317635133304_n-768x512.jpg 768w, https:\/\/www.jf-alfragide.pt\/wp-content\/uploads\/2026\/04\/682498274_1359633133027674_6318754317635133304_n.jpg 1440w\" sizes=\"auto, (max-width: 1024px) 100vw, 1024px\" \/><\/figure>\n<\/figure>\n","protected":false},"author":1,"template":"","meta":{"_uag_custom_page_level_css":""},"lsvr_notice_cat":[],"lsvr_notice_tag":[],"class_list":["post-7302","lsvr_notice","type-lsvr_notice","status-publish","hentry"],"uagb_featured_image_src":[],"uagb_author_info":{"display_name":"admin","author_link":"https:\/\/www.jf-alfragide.pt\/?author=1"},"uagb_comment_info":0,"uagb_excerpt":"No \u00e2mbito das comemora\u00e7\u00f5es do 25 de Abril promovidas pelo Munic\u00edpio da Amadora, foi inaugurado, no Parque da Liberdade, um monumento de homenagem a M\u00e1rio Soares, figura incontorn\u00e1vel da democracia portuguesa e da defesa dos valores da liberdade. A cerim\u00f3nia contou com a presen\u00e7a de diversas entidades e representantes institucionais, incluindo a presen\u00e7a da JFA,&hellip;","_links":{"self":[{"href":"https:\/\/www.jf-alfragide.pt\/index.php?rest_route=\/wp\/v2\/lsvr_notice\/7302","targetHints":{"allow":["GET"]}}],"collection":[{"href":"https:\/\/www.jf-alfragide.pt\/index.php?rest_route=\/wp\/v2\/lsvr_notice"}],"about":[{"href":"https:\/\/www.jf-alfragide.pt\/index.php?rest_route=\/wp\/v2\/types\/lsvr_notice"}],"author":[{"embeddable":true,"href":"https:\/\/www.jf-alfragide.pt\/index.php?rest_route=\/wp\/v2\/users\/1"}],"wp:attachment":[{"href":"https:\/\/www.jf-alfragide.pt\/index.php?rest_route=%2Fwp%2Fv2%2Fmedia&parent=7302"}],"wp:term":[{"taxonomy":"lsvr_notice_cat","embeddable":true,"href":"https:\/\/www.jf-alfragide.pt\/index.php?rest_route=%2Fwp%2Fv2%2Flsvr_notice_cat&post=7302"},{"taxonomy":"lsvr_notice_tag","embeddable":true,"href":"https:\/\/www.jf-alfragide.pt\/index.php?rest_route=%2Fwp%2Fv2%2Flsvr_notice_tag&post=7302"}],"curies":[{"name":"wp","href":"https:\/\/api.w.org\/{rel}","templated":true}]}}