{"id":7312,"date":"2026-04-30T10:19:52","date_gmt":"2026-04-30T09:19:52","guid":{"rendered":"https:\/\/www.jf-alfragide.pt\/?post_type=lsvr_notice&#038;p=7312"},"modified":"2026-04-30T10:19:52","modified_gmt":"2026-04-30T09:19:52","slug":"presenca-nas-celebracoes-da-liberdade-e-da-democracia-no-concelho-da-amadora","status":"publish","type":"lsvr_notice","link":"https:\/\/www.jf-alfragide.pt\/?lsvr_notice=presenca-nas-celebracoes-da-liberdade-e-da-democracia-no-concelho-da-amadora","title":{"rendered":"Presen\u00e7a nas Celebra\u00e7\u00f5es da Liberdade e da Democracia no Concelho da Amadora."},"content":{"rendered":"\n<p>A JFA marcou presen\u00e7a em diversos momentos culturais e comemorativos integrados nas celebra\u00e7\u00f5es da Liberdade e da Democracia no concelho da Amadora.<\/p>\n\n\n\n<p>No passado dia 23 de abril, estivemos presentes no Cineteatro Municipal D. Jo\u00e3o V, na cerim\u00f3nia de entrega do Pr\u00e9mio Jos\u00e9 Afonso \u00e0 fadista Cristina Branco, distinguida pelo \u00e1lbum Mulheres de Abril. Promovido pelo Munic\u00edpio da Amadora desde 1988, este pr\u00e9mio homenageia Jos\u00e9 Afonso e visa incentivar a cria\u00e7\u00e3o musical de raiz portuguesa.<\/p>\n\n\n\n<p>Estivemos tamb\u00e9m presentes nas comemora\u00e7\u00f5es dos 52 anos da Democracia, promovidas pelo Munic\u00edpio da Amadora, que inclu\u00edram o Hastear da Bandeira ao som da banda da SFCIA e a Sess\u00e3o Solene comemorativa realizada nos Recreios da Amadora, num momento de evoca\u00e7\u00e3o da mem\u00f3ria coletiva e celebra\u00e7\u00e3o dos valores de abril.<\/p>\n\n\n\n<p>Ainda no \u00e2mbito das comemora\u00e7\u00f5es do 25 de Abril, marc\u00e1mos presen\u00e7a no concerto \u201cJonas Canta Abril\u201d, promovido pela Freguesia de Mina de \u00c1gua e realizado na Academia Militar da Amadora. O espet\u00e1culo reuniu um numeroso p\u00fablico e proporcionou um momento cultural de grande qualidade art\u00edstica, assinalando de forma significativa esta data maior da nossa democracia.<\/p>\n\n\n\n<p>A JFA continuar\u00e1 a associar-se e a apoiar iniciativas que promovam a cultura, a mem\u00f3ria e os valores da Liberdade.<\/p>\n\n\n\n<figure class=\"wp-block-image size-large\"><img loading=\"lazy\" decoding=\"async\" width=\"1024\" height=\"683\" src=\"https:\/\/www.jf-alfragide.pt\/wp-content\/uploads\/2026\/04\/682039454_1360560652934922_6689555787999101558_n-1024x683.jpg\" alt=\"\" class=\"wp-image-7314\" srcset=\"https:\/\/www.jf-alfragide.pt\/wp-content\/uploads\/2026\/04\/682039454_1360560652934922_6689555787999101558_n-1024x683.jpg 1024w, https:\/\/www.jf-alfragide.pt\/wp-content\/uploads\/2026\/04\/682039454_1360560652934922_6689555787999101558_n-300x200.jpg 300w, https:\/\/www.jf-alfragide.pt\/wp-content\/uploads\/2026\/04\/682039454_1360560652934922_6689555787999101558_n-768x512.jpg 768w, https:\/\/www.jf-alfragide.pt\/wp-content\/uploads\/2026\/04\/682039454_1360560652934922_6689555787999101558_n-1536x1024.jpg 1536w, https:\/\/www.jf-alfragide.pt\/wp-content\/uploads\/2026\/04\/682039454_1360560652934922_6689555787999101558_n.jpg 2048w\" sizes=\"auto, (max-width: 1024px) 100vw, 1024px\" \/><\/figure>\n\n\n\n<figure class=\"wp-block-gallery has-nested-images columns-default is-cropped wp-block-gallery-2 is-layout-flex wp-block-gallery-is-layout-flex\">\n<figure class=\"wp-block-image size-large\"><img loading=\"lazy\" decoding=\"async\" width=\"683\" height=\"1024\" data-id=\"7316\" src=\"https:\/\/www.jf-alfragide.pt\/wp-content\/uploads\/2026\/04\/682705940_1360560612934926_4257374004478793024_n-683x1024.jpg\" alt=\"\" class=\"wp-image-7316\" srcset=\"https:\/\/www.jf-alfragide.pt\/wp-content\/uploads\/2026\/04\/682705940_1360560612934926_4257374004478793024_n-683x1024.jpg 683w, https:\/\/www.jf-alfragide.pt\/wp-content\/uploads\/2026\/04\/682705940_1360560612934926_4257374004478793024_n-200x300.jpg 200w, https:\/\/www.jf-alfragide.pt\/wp-content\/uploads\/2026\/04\/682705940_1360560612934926_4257374004478793024_n-768x1152.jpg 768w, https:\/\/www.jf-alfragide.pt\/wp-content\/uploads\/2026\/04\/682705940_1360560612934926_4257374004478793024_n-1024x1536.jpg 1024w, https:\/\/www.jf-alfragide.pt\/wp-content\/uploads\/2026\/04\/682705940_1360560612934926_4257374004478793024_n.jpg 1365w\" sizes=\"auto, (max-width: 683px) 100vw, 683px\" \/><\/figure>\n\n\n\n<figure class=\"wp-block-image size-large\"><img loading=\"lazy\" decoding=\"async\" width=\"1024\" height=\"683\" data-id=\"7315\" src=\"https:\/\/www.jf-alfragide.pt\/wp-content\/uploads\/2026\/04\/682250811_1360560636268257_8443582171458154708_n-1024x683.jpg\" alt=\"\" class=\"wp-image-7315\" srcset=\"https:\/\/www.jf-alfragide.pt\/wp-content\/uploads\/2026\/04\/682250811_1360560636268257_8443582171458154708_n-1024x683.jpg 1024w, https:\/\/www.jf-alfragide.pt\/wp-content\/uploads\/2026\/04\/682250811_1360560636268257_8443582171458154708_n-300x200.jpg 300w, https:\/\/www.jf-alfragide.pt\/wp-content\/uploads\/2026\/04\/682250811_1360560636268257_8443582171458154708_n-768x512.jpg 768w, https:\/\/www.jf-alfragide.pt\/wp-content\/uploads\/2026\/04\/682250811_1360560636268257_8443582171458154708_n.jpg 1440w\" sizes=\"auto, (max-width: 1024px) 100vw, 1024px\" \/><\/figure>\n\n\n\n<figure class=\"wp-block-image size-large\"><img loading=\"lazy\" decoding=\"async\" width=\"1024\" height=\"683\" data-id=\"7320\" src=\"https:\/\/www.jf-alfragide.pt\/wp-content\/uploads\/2026\/04\/683225004_1360560639601590_4223116775871227972_n-1024x683.jpg\" alt=\"\" class=\"wp-image-7320\" srcset=\"https:\/\/www.jf-alfragide.pt\/wp-content\/uploads\/2026\/04\/683225004_1360560639601590_4223116775871227972_n-1024x683.jpg 1024w, https:\/\/www.jf-alfragide.pt\/wp-content\/uploads\/2026\/04\/683225004_1360560639601590_4223116775871227972_n-300x200.jpg 300w, https:\/\/www.jf-alfragide.pt\/wp-content\/uploads\/2026\/04\/683225004_1360560639601590_4223116775871227972_n-768x512.jpg 768w, https:\/\/www.jf-alfragide.pt\/wp-content\/uploads\/2026\/04\/683225004_1360560639601590_4223116775871227972_n.jpg 1440w\" sizes=\"auto, (max-width: 1024px) 100vw, 1024px\" \/><\/figure>\n\n\n\n<figure class=\"wp-block-image size-large\"><img loading=\"lazy\" decoding=\"async\" width=\"1024\" height=\"683\" data-id=\"7318\" src=\"https:\/\/www.jf-alfragide.pt\/wp-content\/uploads\/2026\/04\/682774483_1360560732934914_1583836637223779755_n-1024x683.jpg\" alt=\"\" class=\"wp-image-7318\" srcset=\"https:\/\/www.jf-alfragide.pt\/wp-content\/uploads\/2026\/04\/682774483_1360560732934914_1583836637223779755_n-1024x683.jpg 1024w, https:\/\/www.jf-alfragide.pt\/wp-content\/uploads\/2026\/04\/682774483_1360560732934914_1583836637223779755_n-300x200.jpg 300w, https:\/\/www.jf-alfragide.pt\/wp-content\/uploads\/2026\/04\/682774483_1360560732934914_1583836637223779755_n-768x512.jpg 768w, https:\/\/www.jf-alfragide.pt\/wp-content\/uploads\/2026\/04\/682774483_1360560732934914_1583836637223779755_n-1536x1024.jpg 1536w, https:\/\/www.jf-alfragide.pt\/wp-content\/uploads\/2026\/04\/682774483_1360560732934914_1583836637223779755_n.jpg 2048w\" sizes=\"auto, (max-width: 1024px) 100vw, 1024px\" \/><\/figure>\n\n\n\n<figure class=\"wp-block-image size-large\"><img loading=\"lazy\" decoding=\"async\" width=\"1024\" height=\"1024\" data-id=\"7313\" src=\"https:\/\/www.jf-alfragide.pt\/wp-content\/uploads\/2026\/04\/680502849_1360560642934923_7769507417617805380_n-1024x1024.jpg\" alt=\"\" class=\"wp-image-7313\" srcset=\"https:\/\/www.jf-alfragide.pt\/wp-content\/uploads\/2026\/04\/680502849_1360560642934923_7769507417617805380_n-1024x1024.jpg 1024w, https:\/\/www.jf-alfragide.pt\/wp-content\/uploads\/2026\/04\/680502849_1360560642934923_7769507417617805380_n-300x300.jpg 300w, https:\/\/www.jf-alfragide.pt\/wp-content\/uploads\/2026\/04\/680502849_1360560642934923_7769507417617805380_n-150x150.jpg 150w, https:\/\/www.jf-alfragide.pt\/wp-content\/uploads\/2026\/04\/680502849_1360560642934923_7769507417617805380_n-768x768.jpg 768w, https:\/\/www.jf-alfragide.pt\/wp-content\/uploads\/2026\/04\/680502849_1360560642934923_7769507417617805380_n.jpg 1440w\" sizes=\"auto, (max-width: 1024px) 100vw, 1024px\" \/><\/figure>\n\n\n\n<figure class=\"wp-block-image size-large\"><img loading=\"lazy\" decoding=\"async\" width=\"1024\" height=\"1024\" data-id=\"7319\" src=\"https:\/\/www.jf-alfragide.pt\/wp-content\/uploads\/2026\/04\/682872469_1360560646268256_287061652992111255_n-1024x1024.jpg\" alt=\"\" class=\"wp-image-7319\" srcset=\"https:\/\/www.jf-alfragide.pt\/wp-content\/uploads\/2026\/04\/682872469_1360560646268256_287061652992111255_n-1024x1024.jpg 1024w, https:\/\/www.jf-alfragide.pt\/wp-content\/uploads\/2026\/04\/682872469_1360560646268256_287061652992111255_n-300x300.jpg 300w, https:\/\/www.jf-alfragide.pt\/wp-content\/uploads\/2026\/04\/682872469_1360560646268256_287061652992111255_n-150x150.jpg 150w, https:\/\/www.jf-alfragide.pt\/wp-content\/uploads\/2026\/04\/682872469_1360560646268256_287061652992111255_n-768x768.jpg 768w, https:\/\/www.jf-alfragide.pt\/wp-content\/uploads\/2026\/04\/682872469_1360560646268256_287061652992111255_n.jpg 1440w\" sizes=\"auto, (max-width: 1024px) 100vw, 1024px\" \/><\/figure>\n\n\n\n<figure class=\"wp-block-image size-large\"><img loading=\"lazy\" decoding=\"async\" width=\"1024\" height=\"768\" data-id=\"7317\" src=\"https:\/\/www.jf-alfragide.pt\/wp-content\/uploads\/2026\/04\/682753735_1360560616268259_5376940038479326381_n-1024x768.jpg\" alt=\"\" class=\"wp-image-7317\" srcset=\"https:\/\/www.jf-alfragide.pt\/wp-content\/uploads\/2026\/04\/682753735_1360560616268259_5376940038479326381_n-1024x768.jpg 1024w, https:\/\/www.jf-alfragide.pt\/wp-content\/uploads\/2026\/04\/682753735_1360560616268259_5376940038479326381_n-300x225.jpg 300w, https:\/\/www.jf-alfragide.pt\/wp-content\/uploads\/2026\/04\/682753735_1360560616268259_5376940038479326381_n-768x576.jpg 768w, https:\/\/www.jf-alfragide.pt\/wp-content\/uploads\/2026\/04\/682753735_1360560616268259_5376940038479326381_n-1536x1152.jpg 1536w, https:\/\/www.jf-alfragide.pt\/wp-content\/uploads\/2026\/04\/682753735_1360560616268259_5376940038479326381_n.jpg 1600w\" sizes=\"auto, (max-width: 1024px) 100vw, 1024px\" \/><\/figure>\n<\/figure>\n","protected":false},"author":1,"template":"","meta":{"_uag_custom_page_level_css":""},"lsvr_notice_cat":[],"lsvr_notice_tag":[],"class_list":["post-7312","lsvr_notice","type-lsvr_notice","status-publish","hentry"],"uagb_featured_image_src":[],"uagb_author_info":{"display_name":"admin","author_link":"https:\/\/www.jf-alfragide.pt\/?author=1"},"uagb_comment_info":0,"uagb_excerpt":"A JFA marcou presen\u00e7a em diversos momentos culturais e comemorativos integrados nas celebra\u00e7\u00f5es da Liberdade e da Democracia no concelho da Amadora. No passado dia 23 de abril, estivemos presentes no Cineteatro Municipal D. Jo\u00e3o V, na cerim\u00f3nia de entrega do Pr\u00e9mio Jos\u00e9 Afonso \u00e0 fadista Cristina Branco, distinguida pelo \u00e1lbum Mulheres de Abril. Promovido&hellip;","_links":{"self":[{"href":"https:\/\/www.jf-alfragide.pt\/index.php?rest_route=\/wp\/v2\/lsvr_notice\/7312","targetHints":{"allow":["GET"]}}],"collection":[{"href":"https:\/\/www.jf-alfragide.pt\/index.php?rest_route=\/wp\/v2\/lsvr_notice"}],"about":[{"href":"https:\/\/www.jf-alfragide.pt\/index.php?rest_route=\/wp\/v2\/types\/lsvr_notice"}],"author":[{"embeddable":true,"href":"https:\/\/www.jf-alfragide.pt\/index.php?rest_route=\/wp\/v2\/users\/1"}],"wp:attachment":[{"href":"https:\/\/www.jf-alfragide.pt\/index.php?rest_route=%2Fwp%2Fv2%2Fmedia&parent=7312"}],"wp:term":[{"taxonomy":"lsvr_notice_cat","embeddable":true,"href":"https:\/\/www.jf-alfragide.pt\/index.php?rest_route=%2Fwp%2Fv2%2Flsvr_notice_cat&post=7312"},{"taxonomy":"lsvr_notice_tag","embeddable":true,"href":"https:\/\/www.jf-alfragide.pt\/index.php?rest_route=%2Fwp%2Fv2%2Flsvr_notice_tag&post=7312"}],"curies":[{"name":"wp","href":"https:\/\/api.w.org\/{rel}","templated":true}]}}