{"id":7321,"date":"2026-04-30T10:25:39","date_gmt":"2026-04-30T09:25:39","guid":{"rendered":"https:\/\/www.jf-alfragide.pt\/?post_type=lsvr_notice&#038;p=7321"},"modified":"2026-04-30T10:25:39","modified_gmt":"2026-04-30T09:25:39","slug":"trabalhos-de-recolha-de-entulho","status":"publish","type":"lsvr_notice","link":"https:\/\/www.jf-alfragide.pt\/?lsvr_notice=trabalhos-de-recolha-de-entulho","title":{"rendered":"Trabalhos de Recolha de Entulho"},"content":{"rendered":"\n<p>Hoje partilhamos os trabalhos de recolha de entulho realizados na Estrada do Zambujal, uma interven\u00e7\u00e3o que contribui para a manuten\u00e7\u00e3o da limpeza e valoriza\u00e7\u00e3o do espa\u00e7o p\u00fablico na nossa freguesia.<\/p>\n\n\n\n<figure class=\"wp-block-image size-large\"><img loading=\"lazy\" decoding=\"async\" width=\"1024\" height=\"768\" src=\"https:\/\/www.jf-alfragide.pt\/wp-content\/uploads\/2026\/04\/682695923_1361427429514911_1719145861424758951_n-1024x768.jpg\" alt=\"\" class=\"wp-image-7323\" srcset=\"https:\/\/www.jf-alfragide.pt\/wp-content\/uploads\/2026\/04\/682695923_1361427429514911_1719145861424758951_n-1024x768.jpg 1024w, https:\/\/www.jf-alfragide.pt\/wp-content\/uploads\/2026\/04\/682695923_1361427429514911_1719145861424758951_n-300x225.jpg 300w, https:\/\/www.jf-alfragide.pt\/wp-content\/uploads\/2026\/04\/682695923_1361427429514911_1719145861424758951_n-768x576.jpg 768w, https:\/\/www.jf-alfragide.pt\/wp-content\/uploads\/2026\/04\/682695923_1361427429514911_1719145861424758951_n-1536x1152.jpg 1536w, https:\/\/www.jf-alfragide.pt\/wp-content\/uploads\/2026\/04\/682695923_1361427429514911_1719145861424758951_n.jpg 2000w\" sizes=\"auto, (max-width: 1024px) 100vw, 1024px\" \/><\/figure>\n\n\n\n<figure class=\"wp-block-gallery has-nested-images columns-default is-cropped wp-block-gallery-2 is-layout-flex wp-block-gallery-is-layout-flex\">\n<figure class=\"wp-block-image size-large\"><img loading=\"lazy\" decoding=\"async\" width=\"768\" height=\"1024\" data-id=\"7327\" src=\"https:\/\/www.jf-alfragide.pt\/wp-content\/uploads\/2026\/04\/685903712_1361427426181578_3930644809926366616_n-768x1024.jpg\" alt=\"\" class=\"wp-image-7327\" srcset=\"https:\/\/www.jf-alfragide.pt\/wp-content\/uploads\/2026\/04\/685903712_1361427426181578_3930644809926366616_n-768x1024.jpg 768w, https:\/\/www.jf-alfragide.pt\/wp-content\/uploads\/2026\/04\/685903712_1361427426181578_3930644809926366616_n-225x300.jpg 225w, https:\/\/www.jf-alfragide.pt\/wp-content\/uploads\/2026\/04\/685903712_1361427426181578_3930644809926366616_n-1152x1536.jpg 1152w, https:\/\/www.jf-alfragide.pt\/wp-content\/uploads\/2026\/04\/685903712_1361427426181578_3930644809926366616_n.jpg 1500w\" sizes=\"auto, (max-width: 768px) 100vw, 768px\" \/><\/figure>\n\n\n\n<figure class=\"wp-block-image size-large\"><img loading=\"lazy\" decoding=\"async\" width=\"768\" height=\"1024\" data-id=\"7326\" src=\"https:\/\/www.jf-alfragide.pt\/wp-content\/uploads\/2026\/04\/684154783_1361427372848250_6894748408534091643_n-768x1024.jpg\" alt=\"\" class=\"wp-image-7326\" srcset=\"https:\/\/www.jf-alfragide.pt\/wp-content\/uploads\/2026\/04\/684154783_1361427372848250_6894748408534091643_n-768x1024.jpg 768w, https:\/\/www.jf-alfragide.pt\/wp-content\/uploads\/2026\/04\/684154783_1361427372848250_6894748408534091643_n-225x300.jpg 225w, https:\/\/www.jf-alfragide.pt\/wp-content\/uploads\/2026\/04\/684154783_1361427372848250_6894748408534091643_n-1152x1536.jpg 1152w, https:\/\/www.jf-alfragide.pt\/wp-content\/uploads\/2026\/04\/684154783_1361427372848250_6894748408534091643_n.jpg 1500w\" sizes=\"auto, (max-width: 768px) 100vw, 768px\" \/><\/figure>\n\n\n\n<figure class=\"wp-block-image size-large\"><img loading=\"lazy\" decoding=\"async\" width=\"1024\" height=\"576\" data-id=\"7324\" src=\"https:\/\/www.jf-alfragide.pt\/wp-content\/uploads\/2026\/04\/682757844_1361427346181586_9045472487178643361_n-1024x576.jpg\" alt=\"\" class=\"wp-image-7324\" srcset=\"https:\/\/www.jf-alfragide.pt\/wp-content\/uploads\/2026\/04\/682757844_1361427346181586_9045472487178643361_n-1024x576.jpg 1024w, https:\/\/www.jf-alfragide.pt\/wp-content\/uploads\/2026\/04\/682757844_1361427346181586_9045472487178643361_n-300x169.jpg 300w, https:\/\/www.jf-alfragide.pt\/wp-content\/uploads\/2026\/04\/682757844_1361427346181586_9045472487178643361_n-768x432.jpg 768w, https:\/\/www.jf-alfragide.pt\/wp-content\/uploads\/2026\/04\/682757844_1361427346181586_9045472487178643361_n-1536x864.jpg 1536w, https:\/\/www.jf-alfragide.pt\/wp-content\/uploads\/2026\/04\/682757844_1361427346181586_9045472487178643361_n.jpg 2048w\" sizes=\"auto, (max-width: 1024px) 100vw, 1024px\" \/><\/figure>\n\n\n\n<figure class=\"wp-block-image size-large\"><img loading=\"lazy\" decoding=\"async\" width=\"768\" height=\"1024\" data-id=\"7325\" src=\"https:\/\/www.jf-alfragide.pt\/wp-content\/uploads\/2026\/04\/683803531_1361427376181583_7041772453349449192_n-768x1024.jpg\" alt=\"\" class=\"wp-image-7325\" srcset=\"https:\/\/www.jf-alfragide.pt\/wp-content\/uploads\/2026\/04\/683803531_1361427376181583_7041772453349449192_n-768x1024.jpg 768w, https:\/\/www.jf-alfragide.pt\/wp-content\/uploads\/2026\/04\/683803531_1361427376181583_7041772453349449192_n-225x300.jpg 225w, https:\/\/www.jf-alfragide.pt\/wp-content\/uploads\/2026\/04\/683803531_1361427376181583_7041772453349449192_n-1152x1536.jpg 1152w, https:\/\/www.jf-alfragide.pt\/wp-content\/uploads\/2026\/04\/683803531_1361427376181583_7041772453349449192_n.jpg 1536w\" sizes=\"auto, (max-width: 768px) 100vw, 768px\" \/><\/figure>\n<\/figure>\n","protected":false},"author":1,"template":"","meta":{"_uag_custom_page_level_css":""},"lsvr_notice_cat":[],"lsvr_notice_tag":[],"class_list":["post-7321","lsvr_notice","type-lsvr_notice","status-publish","hentry"],"uagb_featured_image_src":[],"uagb_author_info":{"display_name":"admin","author_link":"https:\/\/www.jf-alfragide.pt\/?author=1"},"uagb_comment_info":0,"uagb_excerpt":"Hoje partilhamos os trabalhos de recolha de entulho realizados na Estrada do Zambujal, uma interven\u00e7\u00e3o que contribui para a manuten\u00e7\u00e3o da limpeza e valoriza\u00e7\u00e3o do espa\u00e7o p\u00fablico na nossa freguesia.","_links":{"self":[{"href":"https:\/\/www.jf-alfragide.pt\/index.php?rest_route=\/wp\/v2\/lsvr_notice\/7321","targetHints":{"allow":["GET"]}}],"collection":[{"href":"https:\/\/www.jf-alfragide.pt\/index.php?rest_route=\/wp\/v2\/lsvr_notice"}],"about":[{"href":"https:\/\/www.jf-alfragide.pt\/index.php?rest_route=\/wp\/v2\/types\/lsvr_notice"}],"author":[{"embeddable":true,"href":"https:\/\/www.jf-alfragide.pt\/index.php?rest_route=\/wp\/v2\/users\/1"}],"wp:attachment":[{"href":"https:\/\/www.jf-alfragide.pt\/index.php?rest_route=%2Fwp%2Fv2%2Fmedia&parent=7321"}],"wp:term":[{"taxonomy":"lsvr_notice_cat","embeddable":true,"href":"https:\/\/www.jf-alfragide.pt\/index.php?rest_route=%2Fwp%2Fv2%2Flsvr_notice_cat&post=7321"},{"taxonomy":"lsvr_notice_tag","embeddable":true,"href":"https:\/\/www.jf-alfragide.pt\/index.php?rest_route=%2Fwp%2Fv2%2Flsvr_notice_tag&post=7321"}],"curies":[{"name":"wp","href":"https:\/\/api.w.org\/{rel}","templated":true}]}}